{"id":995,"date":"2012-04-20T00:00:02","date_gmt":"2012-04-19T22:00:02","guid":{"rendered":"http:\/\/www.kunsthof-usedom.de\/?p=995"},"modified":"2012-04-20T00:17:34","modified_gmt":"2012-04-19T22:17:34","slug":"stop-motion-trickfilm-und-fotoseminar-in-der-akademie-remscheid","status":"publish","type":"post","link":"https:\/\/www.kunsthof-usedom.de\/?p=995","title":{"rendered":"Stop-Motion! Trickfilm und Fotoseminar in der Akademie Remscheid"},"content":{"rendered":"<p><object id=\"ply\" width=\"350\" height=\"280\" classid=\"clsid:d27cdb6e-ae6d-11cf-96b8-444553540000\" codebase=\"http:\/\/download.macromedia.com\/pub\/shockwave\/cabs\/flash\/swflash.cab#version=6,0,40,0\"><param name=\"src\" value=\"http:\/\/umweltchecker.netzcheckers.net\/system\/videobox\/player.swf\" \/><param name=\"quality\" value=\"high\" \/><param name=\"allowfullscreen\" value=\"true\" \/><param name=\"allowscriptaccess\" value=\"always\" \/><param name=\"stretching\" value=\"none\" \/><param name=\"wmode\" value=\"opaque\" \/><param name=\"flashvars\" value=\"start=0&amp;file=http:\/\/umweltchecker.netzcheckers.net\/services\/xtc.php?v=139;http:\/\/umweltchecker.netzcheckers.net\/assets\/umweltchecker\/xtvideo\/flash\/139-bca57ea715.flv&amp;image=http:\/\/umweltchecker.netzcheckers.net\/assets\/umweltchecker\/xtvideo\/thumbnail\/139.jpg&amp;frontcolor=489acd&amp;lightcolor=489acd&amp;backcolor=d3e7f3&amp;controlbar=over\" \/><embed id=\"ply\" width=\"350\" height=\"280\" type=\"application\/x-shockwave-flash\" src=\"http:\/\/umweltchecker.netzcheckers.net\/system\/videobox\/player.swf\" quality=\"high\" allowfullscreen=\"true\" allowscriptaccess=\"always\" stretching=\"none\" wmode=\"opaque\" flashvars=\"start=0&amp;file=http:\/\/umweltchecker.netzcheckers.net\/services\/xtc.php?v=139;http:\/\/umweltchecker.netzcheckers.net\/assets\/umweltchecker\/xtvideo\/flash\/139-bca57ea715.flv&amp;image=http:\/\/umweltchecker.netzcheckers.net\/assets\/umweltchecker\/xtvideo\/thumbnail\/139.jpg&amp;frontcolor=489acd&amp;lightcolor=489acd&amp;backcolor=d3e7f3&amp;controlbar=over\" \/><\/object><\/p>\n<p>Das war die Trickfilmwoche in Remscheid! Sehr sch\u00f6ne Ergebnisse! hier ein Beispiel. Weitere Stop-Motions gibt es hier: <a href=\"http:\/\/umweltchecker.netzcheckers.net\/m954584771_477.html\" target=\"_blank\">Videobox\u00a0 im Jugendumwelt-Portal Umweltchecker\u00a0 , die Seite f\u00fcr Kinder und Jugendliche und nat\u00fcrlich f\u00fcr P\u00e4dagogen!<\/a><\/p>\n","protected":false},"excerpt":{"rendered":"<p>Das war die Trickfilmwoche in Remscheid! Sehr sch\u00f6ne Ergebnisse! hier ein Beispiel. Weitere Stop-Motions gibt es hier: Videobox\u00a0 im Jugendumwelt-Portal Umweltchecker\u00a0 , die Seite f\u00fcr Kinder und Jugendliche und nat\u00fcrlich f\u00fcr P\u00e4dagogen!<\/p>\n","protected":false},"author":2,"featured_media":0,"comment_status":"closed","ping_status":"closed","sticky":false,"template":"","format":"standard","meta":{"footnotes":""},"categories":[6],"tags":[],"class_list":["post-995","post","type-post","status-publish","format-standard","hentry","category-kunsthof-usedom"],"_links":{"self":[{"href":"https:\/\/www.kunsthof-usedom.de\/index.php?rest_route=\/wp\/v2\/posts\/995","targetHints":{"allow":["GET"]}}],"collection":[{"href":"https:\/\/www.kunsthof-usedom.de\/index.php?rest_route=\/wp\/v2\/posts"}],"about":[{"href":"https:\/\/www.kunsthof-usedom.de\/index.php?rest_route=\/wp\/v2\/types\/post"}],"author":[{"embeddable":true,"href":"https:\/\/www.kunsthof-usedom.de\/index.php?rest_route=\/wp\/v2\/users\/2"}],"replies":[{"embeddable":true,"href":"https:\/\/www.kunsthof-usedom.de\/index.php?rest_route=%2Fwp%2Fv2%2Fcomments&post=995"}],"version-history":[{"count":5,"href":"https:\/\/www.kunsthof-usedom.de\/index.php?rest_route=\/wp\/v2\/posts\/995\/revisions"}],"predecessor-version":[{"id":998,"href":"https:\/\/www.kunsthof-usedom.de\/index.php?rest_route=\/wp\/v2\/posts\/995\/revisions\/998"}],"wp:attachment":[{"href":"https:\/\/www.kunsthof-usedom.de\/index.php?rest_route=%2Fwp%2Fv2%2Fmedia&parent=995"}],"wp:term":[{"taxonomy":"category","embeddable":true,"href":"https:\/\/www.kunsthof-usedom.de\/index.php?rest_route=%2Fwp%2Fv2%2Fcategories&post=995"},{"taxonomy":"post_tag","embeddable":true,"href":"https:\/\/www.kunsthof-usedom.de\/index.php?rest_route=%2Fwp%2Fv2%2Ftags&post=995"}],"curies":[{"name":"wp","href":"https:\/\/api.w.org\/{rel}","templated":true}]}}