{"id":865,"date":"2011-05-31T00:32:52","date_gmt":"2011-05-30T22:32:52","guid":{"rendered":"http:\/\/www.kunsthof-usedom.de\/?p=865"},"modified":"2011-05-31T09:24:03","modified_gmt":"2011-05-31T07:24:03","slug":"atomausstieg","status":"publish","type":"post","link":"https:\/\/www.kunsthof-usedom.de\/?p=865","title":{"rendered":"Atomausstieg und Malen auf der Insel Usedom"},"content":{"rendered":"<p>Die traurige Nachricht am heutigen Tag, Montag, den 30.5. 2011: Die  Bundeskanzlerin Frau Angela Merkel verk\u00fcndete heute um 16.00Uhr den  Verzicht auf die Kernenergie f\u00fcr alle B\u00fcrger der Bundesrepublik! Sie  sagt, das sei \u201eeine riesige Chance f\u00fcr alle zuk\u00fcnftigen Generationen in  Deutschland\u201c Das trifft mich sehr, ich bin ersch\u00fcttert und traurig!  Warum? Jetzt bin ich schon \u00fcber 60 Jahre alt und stelle die Frage: Warum  konnte das nicht vor drei\u00dfig Jahren entschieden werden? Dann h\u00e4tte doch  eine Generation mehr die &#8222;riesige Chance&#8220; erhalten! So h\u00e4tte auch ich  von dieser Chance etwas haben k\u00f6nnen! Hat man es mir nicht geg\u00f6nnt? Hat  man es der ganzen Generation vor dem 30. 5. 2011 insgesamt nicht geg\u00f6nnt  eine besondere Chance zu erhalten??<\/p>\n<p>Ich sollte den Kernphysikern,  den Atomtechnikern und Politikern des Landes doch viel mehr Vertrauen  entgegenbringen: Vor drei\u00dfig Jahren hatte man wahrscheinlich noch nicht  genug Atomm\u00fcll zusammengesammelt um daraus eine Chance f\u00fcr eine ganze  Generation zu machen! F\u00fcr \u201eeine riesige Chance f\u00fcr alle zuk\u00fcnftigen  Generationen\u201c h\u00e4tte der Atomm\u00fcll vor drei\u00dfig Jahren bestimmt nicht  ausgereicht. So gesehen bin ich wieder froh, dass es endlich soweit ist!<\/p>\n<p>Wo erleben wir wirklich \u201eVerzicht\u201c? Auf das grenzenlose, alle Grenzen  der Vernunft \u00fcberschreitende Wirtschafts- und Industriewachstum sollen  wohl auch zuk\u00fcnftige Generationen nicht verzichten. Daf\u00fcr Energie zu  erzeugen, ist immer mit einem Verzicht auf lebenswerte Landschaft  verbunden. Nur wenige profitieren vom Industriewachstum, aber viele  erleben Verzicht, erleiden sogar den Verlust an lebenswerter Landschaft.  Gerade die Atomindustrie hat wieder gezeigt, wie einfach es ist,  Menschen f\u00fcr immer und ewig aus einer Landschaft zu vertreiben.<br \/>\nLandschaftsmalerei ist vor dieser Aktualit\u00e4t nicht nur  Freizeitvergn\u00fcgen, sondern eine politische Kunst. Wenn wir in diesem  Jahr auf der Insel Usedom in der sch\u00f6nen Landschaft malen, wird uns  dieser Gedanke begleiten.\u00a0 Die Kurswoche &#8222;Landschaftsmalerei&#8220; findet vom  27. Juni bis zum 1. Juli  2011 statt. Auf dem Kunsthof-Usedom in  Katschow beginnt die sch\u00f6ne  Malereiwoche am Montag um 10.00Uhr.<\/p>\n<p>Frohe Gr\u00fc\u00dfe von Roland Oesker<\/p>\n","protected":false},"excerpt":{"rendered":"<p>Die traurige Nachricht am heutigen Tag, Montag, den 30.5. 2011: Die Bundeskanzlerin Frau Angela Merkel verk\u00fcndete heute um 16.00Uhr den Verzicht auf die Kernenergie f\u00fcr alle B\u00fcrger der Bundesrepublik! Sie sagt, das sei \u201eeine riesige Chance f\u00fcr alle zuk\u00fcnftigen Generationen in Deutschland\u201c Das trifft mich sehr, ich bin ersch\u00fcttert und traurig! Warum? Jetzt bin ich &hellip; <a href=\"https:\/\/www.kunsthof-usedom.de\/?p=865\" class=\"more-link\"><span class=\"screen-reader-text\">Atomausstieg und Malen auf der Insel Usedom<\/span> weiterlesen<\/a><\/p>\n","protected":false},"author":2,"featured_media":0,"comment_status":"closed","ping_status":"closed","sticky":false,"template":"","format":"standard","meta":{"footnotes":""},"categories":[3,7,45,6,46],"tags":[],"class_list":["post-865","post","type-post","status-publish","format-standard","hentry","category-aktuell","category-atelierhaus","category-ausstellung","category-kunsthof-usedom","category-usedom"],"_links":{"self":[{"href":"https:\/\/www.kunsthof-usedom.de\/index.php?rest_route=\/wp\/v2\/posts\/865","targetHints":{"allow":["GET"]}}],"collection":[{"href":"https:\/\/www.kunsthof-usedom.de\/index.php?rest_route=\/wp\/v2\/posts"}],"about":[{"href":"https:\/\/www.kunsthof-usedom.de\/index.php?rest_route=\/wp\/v2\/types\/post"}],"author":[{"embeddable":true,"href":"https:\/\/www.kunsthof-usedom.de\/index.php?rest_route=\/wp\/v2\/users\/2"}],"replies":[{"embeddable":true,"href":"https:\/\/www.kunsthof-usedom.de\/index.php?rest_route=%2Fwp%2Fv2%2Fcomments&post=865"}],"version-history":[{"count":5,"href":"https:\/\/www.kunsthof-usedom.de\/index.php?rest_route=\/wp\/v2\/posts\/865\/revisions"}],"predecessor-version":[{"id":870,"href":"https:\/\/www.kunsthof-usedom.de\/index.php?rest_route=\/wp\/v2\/posts\/865\/revisions\/870"}],"wp:attachment":[{"href":"https:\/\/www.kunsthof-usedom.de\/index.php?rest_route=%2Fwp%2Fv2%2Fmedia&parent=865"}],"wp:term":[{"taxonomy":"category","embeddable":true,"href":"https:\/\/www.kunsthof-usedom.de\/index.php?rest_route=%2Fwp%2Fv2%2Fcategories&post=865"},{"taxonomy":"post_tag","embeddable":true,"href":"https:\/\/www.kunsthof-usedom.de\/index.php?rest_route=%2Fwp%2Fv2%2Ftags&post=865"}],"curies":[{"name":"wp","href":"https:\/\/api.w.org\/{rel}","templated":true}]}}