{"id":614,"date":"2010-05-25T17:42:51","date_gmt":"2010-05-25T15:42:51","guid":{"rendered":"http:\/\/www.kunsthof-usedom.de\/?p=614"},"modified":"2010-06-17T07:45:27","modified_gmt":"2010-06-17T05:45:27","slug":"pleinairmalerei-malen-am-meer-die-eroffnung-der-ausstellung","status":"publish","type":"post","link":"https:\/\/www.kunsthof-usedom.de\/?p=614","title":{"rendered":"Pleinair-Malerei, Malen am Meer, die Er\u00f6ffnung der Ausstellung"},"content":{"rendered":"<p>Das war die Er\u00f6ffnung der Ausstellung Pleinair -Malerei auf der Insel Usedom! Am Samstag vor Pfingsten, am 22. 5. 20. 2010 \u00a0 um 18:00 Uhr war es soweit. <a href=\"https:\/\/www.kunsthof-usedom.de\/wp-content\/uploads\/2010\/05\/In-der-Galerie.jpg\"><img loading=\"lazy\" decoding=\"async\" class=\"size-thumbnail wp-image-617 alignleft\" title=\"In der Galerie\" src=\"https:\/\/www.kunsthof-usedom.de\/wp-content\/uploads\/2010\/05\/In-der-Galerie-150x150.jpg\" alt=\"\" width=\"90\" height=\"90\" \/><\/a>In den frisch renovierten R\u00e4umen\u00a0\u00a0\u00a0\u00a0\u00a0<a href=\"https:\/\/www.kunsthof-usedom.de\/wp-content\/uploads\/2010\/05\/Vor-der-Galerie2.jpg\"><img loading=\"lazy\" decoding=\"async\" class=\"alignleft size-thumbnail wp-image-619\" title=\"Vor der Galerie2\" src=\"https:\/\/www.kunsthof-usedom.de\/wp-content\/uploads\/2010\/05\/Vor-der-Galerie2-150x150.jpg\" alt=\"\" width=\"90\" height=\"90\" \/><\/a> der Galerie auf dem Kunsthof -Usedom konnte das Ereignis beginnen!<a href=\"https:\/\/www.kunsthof-usedom.de\/wp-content\/uploads\/2010\/05\/Vor-der-Galerie.jpg\"><img loading=\"lazy\" decoding=\"async\" class=\"alignright size-thumbnail wp-image-615\" title=\"Vor der Galerie\" src=\"https:\/\/www.kunsthof-usedom.de\/wp-content\/uploads\/2010\/05\/Vor-der-Galerie-150x150.jpg\" alt=\"\" width=\"81\" height=\"81\" \/><\/a><\/p>\n<p>Die vier K\u00fcnstler eroberten mit ihren Bildern das alte, historische\u00a0 Landarbeiterhaus in dem kleinenn Dorf Katschow. <a href=\"https:\/\/www.kunsthof-usedom.de\/wp-content\/uploads\/2010\/05\/Atelier.jpg\"><img loading=\"lazy\" decoding=\"async\" class=\"alignright size-thumbnail wp-image-623\" title=\"Atelier\" src=\"https:\/\/www.kunsthof-usedom.de\/wp-content\/uploads\/2010\/05\/Atelier-150x150.jpg\" alt=\"\" width=\"81\" height=\"81\" \/><\/a>Mit dieser Ausstellung werden alle R\u00e4ume des Hauses f\u00fcr kunstinteressierte Besucher zug\u00e4nglich. Das Haus steht direkt am Dorfplatz an der l\u00e4ngsten denkmalgesch\u00fctzten Dorfstrasse der Insel Usedom. <a href=\"https:\/\/www.kunsthof-usedom.de\/wp-content\/uploads\/2010\/05\/In-der-Galerie5.jpg\"><img loading=\"lazy\" decoding=\"async\" class=\"size-thumbnail wp-image-629 alignleft\" title=\"In der Galerie5\" src=\"https:\/\/www.kunsthof-usedom.de\/wp-content\/uploads\/2010\/05\/In-der-Galerie5-150x150.jpg\" alt=\"\" width=\"81\" height=\"81\" \/><\/a>Seit 2006 kommen die K\u00fcnstler einmal im Jahr auf die Insel und malen am Meer. <a href=\"https:\/\/www.kunsthof-usedom.de\/wp-content\/uploads\/2010\/05\/In-der-Galerie4.jpg\"><img loading=\"lazy\" decoding=\"async\" class=\"alignright size-thumbnail wp-image-631\" title=\"In der Galerie4\" src=\"https:\/\/www.kunsthof-usedom.de\/wp-content\/uploads\/2010\/05\/In-der-Galerie4-150x150.jpg\" alt=\"\" width=\"81\" height=\"81\" \/><\/a>Sie ziehen mit Staffelei und Palette \u00fcber die Insel.\u00a0 Eine Auswahl der Ergebnisse wird nun in Katschow von den K\u00fcnstlerinnen und dem K\u00fcnstler Gabriele Wolters-Lukassek, Wilma Balderhaar, Birgit Maerks-Schr\u00f6er und Tom Wolters gezeigt.<a href=\"https:\/\/www.kunsthof-usedom.de\/wp-content\/uploads\/2010\/05\/In-der-Galerie6.jpg\"><img loading=\"lazy\" decoding=\"async\" class=\"size-thumbnail wp-image-633 alignleft\" title=\"In der Galerie6\" src=\"https:\/\/www.kunsthof-usedom.de\/wp-content\/uploads\/2010\/05\/In-der-Galerie6-150x150.jpg\" alt=\"\" width=\"81\" height=\"81\" \/><\/a> Die Malerinnen und der Maler kommen aus dem &#8222;bergischen Land&#8220; und aus K\u00f6ln. <a href=\"https:\/\/www.kunsthof-usedom.de\/wp-content\/uploads\/2010\/05\/In-der-Galerie2.jpg\"><img loading=\"lazy\" decoding=\"async\" class=\"alignright size-thumbnail wp-image-637\" title=\"In der Galerie2\" src=\"https:\/\/www.kunsthof-usedom.de\/wp-content\/uploads\/2010\/05\/In-der-Galerie2-150x150.jpg\" alt=\"\" width=\"81\" height=\"81\" \/><\/a>Sie haben ihre Bilder auch schon in der Akademie Remscheid gezeigt und dort auch an verschiedenen Veranstaltungen der Akademie Remscheid teilgenommen. So kam es auch zu der Einladung nach Usedom.  Die Akademie Remscheid sieht in den Ausstellungen von Akademieabsolventen ein Zukunftsprojekt.\u00a0 Das zeigte sich bei der Er\u00f6ffnung der Ausstellung im Besuch des Vorstandsmitgliedes der Akademie, Herrn Thomas Wodzicki.\u00a0 Die\u00a0 Ausstellung war ein Ereignis mit <a href=\"https:\/\/www.kunsthof-usedom.de\/wp-content\/uploads\/2010\/05\/Frau-Finn2.jpg\"><img loading=\"lazy\" decoding=\"async\" class=\"alignright size-thumbnail wp-image-641\" title=\"Frau Finn2\" src=\"https:\/\/www.kunsthof-usedom.de\/wp-content\/uploads\/2010\/05\/Frau-Finn2-150x150.jpg\" alt=\"\" width=\"90\" height=\"90\" \/><\/a>besonderer Resonanz auch in der Presse. <a href=\"https:\/\/www.kunsthof-usedom.de\/wp-content\/uploads\/2010\/05\/Gespr\u00e4ch-mit-Frau-Finn.jpg\"><img loading=\"lazy\" decoding=\"async\" class=\"size-thumbnail wp-image-639 alignleft\" title=\"Gespr\u00e4ch mit Frau Finn\" src=\"https:\/\/www.kunsthof-usedom.de\/wp-content\/uploads\/2010\/05\/Gespr\u00e4ch-mit-Frau-Finn-150x150.jpg\" alt=\"\" width=\"81\" height=\"81\" \/><\/a> Es kam zu einer sachkundigen Kunstdiskussion mit den K\u00fcnstlern und der B\u00fcrgermeisterin Frau B\u00e4rbel Finn.\u00a0 Aus dem Dorf\u00a0 Katschow kamen einige Kunstinteressierte, die bei der Restauration des alten Hauses mit Rat und Tat dabei waren. Auch Vertreter der Zeitung stelleten Fragen und machten Fotos. <a href=\"http:\/\/webcache.googleusercontent.com\/search?q=cache:7zzyb_6JHu8J:www.nordkurier.de\/lokal.php%3Fobjekt%3Dnk.lokales.usedom%26id%3D669009+%22Roland+Oesker%22&amp;cd=40&amp;hl=de&amp;ct=clnk&amp;gl=de&amp;client=firefox-a\">(Usedom Kurier)<\/a> <a href=\"http:\/\/webcache.googleusercontent.com\/search?q=cache:NHANnBLB9IIJ:www.nordkurier.de\/lokal.php%3Fobjekt%3Dnk.lokales.anklam%26id%3D670486+oekser&amp;cd=1&amp;hl=de&amp;ct=clnk&amp;gl=de&amp;client=firefox-a\">(Usedom Kurier2)<\/a>.\u00a0 Nat\u00fcrlich gab es auch Kunstfreunde aus Berlin! Wenn man den Berlinern Kunst zeigen m\u00f6chte , dann am besten in ihrer &#8222;Badewanne&#8220; wie die Berliner die Insel Usedom gern nennen. <a href=\"https:\/\/www.kunsthof-usedom.de\/wp-content\/uploads\/2010\/05\/In-der-Galerie3.jpg\"><img loading=\"lazy\" decoding=\"async\" class=\"alignleft size-thumbnail wp-image-648\" title=\"In der Galerie3\" src=\"https:\/\/www.kunsthof-usedom.de\/wp-content\/uploads\/2010\/05\/In-der-Galerie3-150x150.jpg\" alt=\"\" width=\"81\" height=\"81\" \/><\/a>Einige Leute hatten viel Spass und mit einem kleinen Sekt wurde auf die Zukunft der Galerie angestossen.<\/p>\n","protected":false},"excerpt":{"rendered":"<p>Das war die Er\u00f6ffnung der Ausstellung Pleinair -Malerei auf der Insel Usedom! Am Samstag vor Pfingsten, am 22. 5. 20. 2010 \u00a0 um 18:00 Uhr war es soweit. In den frisch renovierten R\u00e4umen\u00a0\u00a0\u00a0\u00a0\u00a0 der Galerie auf dem Kunsthof -Usedom konnte das Ereignis beginnen! Die vier K\u00fcnstler eroberten mit ihren Bildern das alte, historische\u00a0 Landarbeiterhaus in &hellip; <a href=\"https:\/\/www.kunsthof-usedom.de\/?p=614\" class=\"more-link\"><span class=\"screen-reader-text\">Pleinair-Malerei, Malen am Meer, die Er\u00f6ffnung der Ausstellung<\/span> weiterlesen<\/a><\/p>\n","protected":false},"author":2,"featured_media":0,"comment_status":"closed","ping_status":"closed","sticky":false,"template":"","format":"standard","meta":{"footnotes":""},"categories":[45,6,46],"tags":[13,15,12,14],"class_list":["post-614","post","type-post","status-publish","format-standard","hentry","category-ausstellung","category-kunsthof-usedom","category-usedom","tag-kunst-auf-usedom","tag-malen-an-der-ostsee","tag-malerei","tag-pleinairmalerei"],"_links":{"self":[{"href":"https:\/\/www.kunsthof-usedom.de\/index.php?rest_route=\/wp\/v2\/posts\/614","targetHints":{"allow":["GET"]}}],"collection":[{"href":"https:\/\/www.kunsthof-usedom.de\/index.php?rest_route=\/wp\/v2\/posts"}],"about":[{"href":"https:\/\/www.kunsthof-usedom.de\/index.php?rest_route=\/wp\/v2\/types\/post"}],"author":[{"embeddable":true,"href":"https:\/\/www.kunsthof-usedom.de\/index.php?rest_route=\/wp\/v2\/users\/2"}],"replies":[{"embeddable":true,"href":"https:\/\/www.kunsthof-usedom.de\/index.php?rest_route=%2Fwp%2Fv2%2Fcomments&post=614"}],"version-history":[{"count":26,"href":"https:\/\/www.kunsthof-usedom.de\/index.php?rest_route=\/wp\/v2\/posts\/614\/revisions"}],"predecessor-version":[{"id":618,"href":"https:\/\/www.kunsthof-usedom.de\/index.php?rest_route=\/wp\/v2\/posts\/614\/revisions\/618"}],"wp:attachment":[{"href":"https:\/\/www.kunsthof-usedom.de\/index.php?rest_route=%2Fwp%2Fv2%2Fmedia&parent=614"}],"wp:term":[{"taxonomy":"category","embeddable":true,"href":"https:\/\/www.kunsthof-usedom.de\/index.php?rest_route=%2Fwp%2Fv2%2Fcategories&post=614"},{"taxonomy":"post_tag","embeddable":true,"href":"https:\/\/www.kunsthof-usedom.de\/index.php?rest_route=%2Fwp%2Fv2%2Ftags&post=614"}],"curies":[{"name":"wp","href":"https:\/\/api.w.org\/{rel}","templated":true}]}}